{"id":1013,"date":"2018-07-03T07:21:10","date_gmt":"2018-07-03T07:21:10","guid":{"rendered":"http:\/\/tv-mar.de\/?p=1013"},"modified":"2019-06-08T12:34:58","modified_gmt":"2019-06-08T12:34:58","slug":"bayer-mehrkampfmeisterschaften-in-garmisch-partenkirchen-silber-fuer-u18-siebenkaempferinnen","status":"publish","type":"post","link":"http:\/\/tv-mar.de\/?p=1013","title":{"rendered":"Bayer. Mehrkampfmeisterschaften in Garmisch-Partenkirchen: Silber f\u00fcr U18-Siebenk\u00e4mpferinnen"},"content":{"rendered":"<p><span style=\"color: #000000; font-family: Calibri;\">Erstes Edelmetall f\u00fcr Mehrkampfmannschaft des TVM seit 17 Jahren<\/span><span style=\"color: #000000; font-family: Calibri;\">\u00a0<\/span><\/p>\n<p><span style=\"color: #000000; font-family: Calibri;\">Strahlend blauer Himmel, R\u00fcckenwind bei den Sprints und ein wundersch\u00f6nes Panorama im Hintergrund: Vor dem Bergmassiv der Zugspitze waren am vergangenen Wochenende perfekte \u00e4u\u00dfere Bedingungen f\u00fcr die Bayerischen Mehrkampfmeisterschaften in Garmisch-Partenkirchen gegeben. Diese Umst\u00e4nde wollten drei Athletinnen des TV 1884 Marktheidenfeld nutzen und im Kampf um die Medaillen im Siebenkampf der Altersklasse U18 eingreifen. <\/span><\/p>\n<p><span style=\"color: #000000; font-family: Calibri;\">\u00a0<img loading=\"lazy\" decoding=\"async\" class=\"alignnone size-medium wp-image-1014\" src=\"http:\/\/tv-mar.de\/wp-content\/uploads\/2018\/07\/v.l.-Maria-Nikou-Jana-Rothaug-Anna-Schwarzkopf-300x225.jpg\" alt=\"\" width=\"300\" height=\"225\" srcset=\"http:\/\/tv-mar.de\/wp-content\/uploads\/2018\/07\/v.l.-Maria-Nikou-Jana-Rothaug-Anna-Schwarzkopf-300x225.jpg 300w, http:\/\/tv-mar.de\/wp-content\/uploads\/2018\/07\/v.l.-Maria-Nikou-Jana-Rothaug-Anna-Schwarzkopf-768x576.jpg 768w, http:\/\/tv-mar.de\/wp-content\/uploads\/2018\/07\/v.l.-Maria-Nikou-Jana-Rothaug-Anna-Schwarzkopf-1024x768.jpg 1024w\" sizes=\"auto, (max-width: 300px) 100vw, 300px\" \/><\/span><\/p>\n<p><span style=\"color: #000000; font-family: Calibri;\">Doch auch Nervosit\u00e4t und Anspannung machten sich bei Jana Rothaug, Anna Schwarzkopf und Maria Nikou zu Beginn des ersten Wettkampftages breit. Vor allem die 16-j\u00e4hrige Jana Rothaug hatte geh\u00f6rigen Respekt vor den zehn Hindernissen der ersten Disziplin des Siebenkampfes: dem 100-Meter-H\u00fcrden-Sprint. War die Sch\u00fclerin doch bei den letzten beiden Mehrk\u00e4mpfen in dieser Teildisziplin ins Straucheln gekommen und hatte sich sogar bei den diesj\u00e4hrigen Nordbayerischen Meisterschaften dabei am Knie leicht verletzt. Am ersten Tag des Mehrkampfwochenendes zeigte sich Jana jedoch technisch sehr sicher und gewann ihren Lauf in pers\u00f6nlicher Bestzeit von 16,24 Sekunden und unterbot damit sogar die Norm f\u00fcr die Bayerischen Einzelmeisterschaften. Auch Anna (16,75sec) und Maria (17,61sec) zeigten sich verbessert und feierten einen gelungen Einstieg in den Siebenkampf. Im Kugelsto\u00dfen und Hochsprung bot sich ein \u00e4hnliches Bild. Jana (1,45m \/10,50m) und Anna (1,45m \/9,95m) blieben im Bereich ihrer Bestleistungen, w\u00e4hrend Maria (1,39m \/8,24m) bei ihren ersten Landesmeisterschaften im Mehrkampf die Nerven noch einen kleinen Streich spielten und sie an ihre Saisonbestleistungen nicht ganz herankam. Zum Ende des ersten Tages \u00fcberzeugte Maria im 100-Meter Sprint und war in 13,43 Sekunden schnellste TVM-Athletin, gefolgt von Jana (13,49sec) und Anna (13,60sec).<\/span><\/p>\n<p><span style=\"color: #000000; font-family: Calibri;\">\u00a0<\/span><span style=\"color: #000000; font-family: Calibri;\">Fr\u00fch aufstehen hie\u00df es am Sonntagmorgen, denn bereits um 9 Uhr stand die f\u00fcnfte Disziplin, der Speerwurf, auf dem Programm des zweiten Wettkampftages. Herausragend waren dabei die von Jana geworfenen 39,11 Meter, womit sie nur knapp einen neuen unterfr\u00e4nkischen Rekord mit dem 500 Gramm schweren Wurfger\u00e4t verpasste. Auch Maria zeigte sich mit 25,73 Metern hellwach, lediglich Anna konnte mit ihrer Weite von 21,55 Metern nicht zufrieden sein. Im folgenden Weitsprung zeigte Maria endg\u00fcltig, dass sie ihre Nervosit\u00e4t des ersten Tages abgelegt hatte und steigerte ihre Bestleistung auf hervorragende 4,76 Meter. Jana (4,60m) und Anna (4,28m) blieben mit ihren Weiten im Soll f\u00fcr eine gute Gesamtpunktzahl im Bereich der pers\u00f6nlichen Bestleistungen.<\/span><\/p>\n<p><span style=\"color: #000000; font-family: Calibri;\">\u00a0<\/span><span style=\"color: #000000; font-family: Calibri;\">So galt es nun vor dem abschlie\u00dfenden 800m-Lauf die Mannschaft des TV Wiggensbach auf Abstand zu halten und den zweiten Platz in der Mannschaftswertung zu sichern. Nach zwei anstrengenden Tagen k\u00e4mpften sich Anna (2:38,33min), Jana (2:50,68min) und Maria (2:51,21min) ins Ziel und gewannen mit 11213 Punkten ph\u00e4nomenal die Silbermedaille hinter der favorisierten Mannschaft der LG Eckental, 17 Jahre nach dem ihr Trainer Bernhard Ries dies im Mehrkampf mit einer Mannschaft das letzte Mal f\u00fcr den TVM gelang. Zwei der drei U18-Athletinnen stellten bei ihrem ersten Medaillengewinn auf bayerischer Ebene neue pers\u00f6nliche Bestleistungen im Siebenkampf auf: Jana 4060 Punkte und Maria 3438 Punkte. Anna verfehlte nur knapp mit 3668 Punkten ihre pers\u00f6nliche Bestleistung. Auch Trainer Matthias Heuft zeigte sich hoch erfreut \u00fcber das Ergebnis und vor allem dar\u00fcber, dass sich der langj\u00e4hrige Trainingsflei\u00df nun endlich f\u00fcr seine Sch\u00fctzlinge ausgezahlt hatte.<\/span><\/p>\n<p>&nbsp;<\/p>\n","protected":false},"excerpt":{"rendered":"<p>Erstes Edelmetall f\u00fcr Mehrkampfmannschaft des TVM seit 17 Jahren\u00a0 Strahlend blauer Himmel, R\u00fcckenwind bei den Sprints und ein wundersch\u00f6nes Panorama im Hintergrund: Vor dem Bergmassiv der Zugspitze waren am vergangenen Wochenende perfekte \u00e4u\u00dfere Bedingungen f\u00fcr die Bayerischen Mehrkampfmeisterschaften in Garmisch-Partenkirchen gegeben. Diese Umst\u00e4nde wollten drei Athletinnen des TV 1884 Marktheidenfeld nutzen und im Kampf um [&hellip;]<\/p>\n","protected":false},"author":3,"featured_media":0,"comment_status":"closed","ping_status":"open","sticky":false,"template":"","format":"standard","meta":{"footnotes":""},"categories":[5],"tags":[],"class_list":["post-1013","post","type-post","status-publish","format-standard","hentry","category-leichtathletik"],"_links":{"self":[{"href":"http:\/\/tv-mar.de\/index.php?rest_route=\/wp\/v2\/posts\/1013","targetHints":{"allow":["GET"]}}],"collection":[{"href":"http:\/\/tv-mar.de\/index.php?rest_route=\/wp\/v2\/posts"}],"about":[{"href":"http:\/\/tv-mar.de\/index.php?rest_route=\/wp\/v2\/types\/post"}],"author":[{"embeddable":true,"href":"http:\/\/tv-mar.de\/index.php?rest_route=\/wp\/v2\/users\/3"}],"replies":[{"embeddable":true,"href":"http:\/\/tv-mar.de\/index.php?rest_route=%2Fwp%2Fv2%2Fcomments&post=1013"}],"version-history":[{"count":1,"href":"http:\/\/tv-mar.de\/index.php?rest_route=\/wp\/v2\/posts\/1013\/revisions"}],"predecessor-version":[{"id":1015,"href":"http:\/\/tv-mar.de\/index.php?rest_route=\/wp\/v2\/posts\/1013\/revisions\/1015"}],"wp:attachment":[{"href":"http:\/\/tv-mar.de\/index.php?rest_route=%2Fwp%2Fv2%2Fmedia&parent=1013"}],"wp:term":[{"taxonomy":"category","embeddable":true,"href":"http:\/\/tv-mar.de\/index.php?rest_route=%2Fwp%2Fv2%2Fcategories&post=1013"},{"taxonomy":"post_tag","embeddable":true,"href":"http:\/\/tv-mar.de\/index.php?rest_route=%2Fwp%2Fv2%2Ftags&post=1013"}],"curies":[{"name":"wp","href":"https:\/\/api.w.org\/{rel}","templated":true}]}}